{"id":2448,"date":"2022-06-27T12:36:40","date_gmt":"2022-06-27T15:36:40","guid":{"rendered":"https:\/\/abpa.annaerbetta.com\/?p=2448"},"modified":"2022-06-27T12:49:03","modified_gmt":"2022-06-27T15:49:03","slug":"conferencia-do-eye-filmmuseum","status":"publish","type":"post","link":"https:\/\/abpa.annaerbetta.com\/index.php\/2022\/06\/27\/conferencia-do-eye-filmmuseum\/","title":{"rendered":"Confer\u00eancia do Eye Filmmuseum"},"content":{"rendered":"\n<p>Membros da diretoria e associados e associadas da ABPA paerticiparam da 7a. Confer\u00eancia Internacional do Eye Filmmuseum, em Amsterd\u00e3, na Holanda. No dia 30 de maio, \u00e0s 14h (\u00e0s 9h do Brasil) aconteceu uma mesa com a participa\u00e7\u00e3o de Laura Batitucci e Rafael de Luna, membros da ABPA. Dia 31, \u00e0s 17h45 (\u00e0s 12h45 do Brasil), aconteceu uma mesa proposta pela diretoria da ABPA, com a participa\u00e7\u00e3o presencial da presidente D\u00e9bora Butruce e da diretora de Rela\u00e7\u00f5es Institucionais Lila Foster, e com a participa\u00e7\u00e3o online do vice-presidente Marco Dreer.<\/p>\n","protected":false},"excerpt":{"rendered":"<p>Membros da diretoria e associados e associadas da ABPA paerticiparam da 7a. Confer\u00eancia Internacional do Eye Filmmuseum, em Amsterd\u00e3, na Holanda.<\/p>\n","protected":false},"author":1,"featured_media":2449,"comment_status":"open","ping_status":"open","sticky":false,"template":"","format":"standard","meta":{"footnotes":""},"categories":[56],"tags":[],"class_list":["post-2448","post","type-post","status-publish","format-standard","has-post-thumbnail","hentry","category-conferencias"],"_links":{"self":[{"href":"https:\/\/abpa.annaerbetta.com\/index.php\/wp-json\/wp\/v2\/posts\/2448","targetHints":{"allow":["GET"]}}],"collection":[{"href":"https:\/\/abpa.annaerbetta.com\/index.php\/wp-json\/wp\/v2\/posts"}],"about":[{"href":"https:\/\/abpa.annaerbetta.com\/index.php\/wp-json\/wp\/v2\/types\/post"}],"author":[{"embeddable":true,"href":"https:\/\/abpa.annaerbetta.com\/index.php\/wp-json\/wp\/v2\/users\/1"}],"replies":[{"embeddable":true,"href":"https:\/\/abpa.annaerbetta.com\/index.php\/wp-json\/wp\/v2\/comments?post=2448"}],"version-history":[{"count":2,"href":"https:\/\/abpa.annaerbetta.com\/index.php\/wp-json\/wp\/v2\/posts\/2448\/revisions"}],"predecessor-version":[{"id":2467,"href":"https:\/\/abpa.annaerbetta.com\/index.php\/wp-json\/wp\/v2\/posts\/2448\/revisions\/2467"}],"wp:featuredmedia":[{"embeddable":true,"href":"https:\/\/abpa.annaerbetta.com\/index.php\/wp-json\/wp\/v2\/media\/2449"}],"wp:attachment":[{"href":"https:\/\/abpa.annaerbetta.com\/index.php\/wp-json\/wp\/v2\/media?parent=2448"}],"wp:term":[{"taxonomy":"category","embeddable":true,"href":"https:\/\/abpa.annaerbetta.com\/index.php\/wp-json\/wp\/v2\/categories?post=2448"},{"taxonomy":"post_tag","embeddable":true,"href":"https:\/\/abpa.annaerbetta.com\/index.php\/wp-json\/wp\/v2\/tags?post=2448"}],"curies":[{"name":"wp","href":"https:\/\/api.w.org\/{rel}","templated":true}]}}